{"id":2331,"date":"2014-09-25T22:02:40","date_gmt":"2014-09-25T20:02:40","guid":{"rendered":"http:\/\/wbs-itzehoe.de\/?p=2331"},"modified":"2014-10-12T18:07:59","modified_gmt":"2014-10-12T16:07:59","slug":"vielfaeltige-angebote-fuer-junge-talente","status":"publish","type":"post","link":"https:\/\/wbs-itzehoe.de\/?p=2331","title":{"rendered":"Vielf\u00e4ltige Angebote f\u00fcr junge Talente"},"content":{"rendered":"<div id=\"attachment_2339\" style=\"width: 255px\" class=\"wp-caption alignleft\"><a href=\"http:\/\/wbs-itzehoe.de\/wp-content\/uploads\/2014\/09\/azubiz.png\"><img loading=\"lazy\" decoding=\"async\" aria-describedby=\"caption-attachment-2339\" class=\"wp-image-2339 size-full\" src=\"http:\/\/wbs-itzehoe.de\/wp-content\/uploads\/2014\/09\/azubiz.png\" alt=\"azubiz\" width=\"245\" height=\"205\" \/><\/a><p id=\"caption-attachment-2339\" class=\"wp-caption-text\">Quelle: AzubIZ\/shz 2014<\/p><\/div>\n<p><strong>72 Aussteller pr\u00e4sentieren Ausbildungsm\u00f6glichkeiten f\u00fcr Jugendliche<\/strong><\/p>\n<p>Handwerk oder kaufm\u00e4nnische Ausbildung? Oder vielleicht doch ein Studium? Die erste Berufsentscheidung nach der Schule stellt wichtige Weichen im Leben junger Menschen. Orientierungshilfe bei der Berufswahl lieferte gestern die dritte Ausbildungsmesse AzubIZ im Regionalen Berufsbildungszentrum (rbz).<!--more--><\/p>\n<p>72 Aussteller pr\u00e4sentierten ihre Ausbildungsangebote \u2013 vom lokalen Handwerksbetrieb bis zur Bundeswehr, vom Maurer bis zur Medienkauffrau. Die Messe, die vom rbz gemeinsam mit unserer Zeitung, der Arbeitsagentur und dem Jobcenter veranstaltet wird, war gut besucht: \u201eWir hatten in den vergangenen Jahren immer ungef\u00e4hr 1500 Sch\u00fcler aus dem gesamten Kreis Steinburg hier. In diesem Jahr waren es deutlich mehr \u2013 ein neuer Rekord\u201c, berichtet Mitorganisator Rainer Kattge, Lehrer am rbz.<\/p>\n<p>An vielen St\u00e4nden repr\u00e4sentierten Auszubildende ihre Unternehmen und stellten den Jugendlichen ihre Berufe selbst vor. \u201eWir wurden viel gefragt, wie unsere Ausbildung abl\u00e4uft und was auf einen zukommt\u201c, sagt Marcel van der Meirschen, Maurerlehrling bei der Baufirma Diek in Kollmar. Nebenan, am Stand der Rettungsdienst-Kooperation berichteten ebenfalls aktive Mitarbeiter aus ihrem Berufsalltag. \u201eUns ist es wichtig, uns hier zu pr\u00e4sentieren und Werbung f\u00fcr unsere neue Ausbildung zum Notfallsanit\u00e4ter zu machen. Da hat sich gegen\u00fcber dem fr\u00fcheren Rettungsassistenten viel ver\u00e4ndert\u201c, sagt Jan Meuter. Auf sich aufmerksam machen wollte auch die Innung der Landbautechniker. \u201eUnsere Ausbildung zum Land- und Baumaschinenmechatroniker bietet den Einstieg in ein vielseitiges Berufsfeld mit Zukunft. Vielen ist eventuell gar nicht klar, was da alles dazu geh\u00f6rt\u201c, so Horst K\u00fchn, Obermeister der Innung. [\u2026]<\/p>\n<p>Einige Jugendliche nutzten die Gelegenheit f\u00fcr ein pers\u00f6nliches Gespr\u00e4ch auch gleich, um ein Praktikum zu bekommen. Am Stand der Drogeriekette dm lagen daf\u00fcr extra Vordrucke bereit, die nach kurzer Zeit alle verteilt waren, wie die stellvertretende Itzehoer Filialleiterin und Ausbildungsbeauftragte Susann Awe erz\u00e4hlt. Auch beim Baustoffkonzern Holcim aus L\u00e4gerdorf war die Vermittlung von Praktika ein wichtiger Aspekt des Messeauftrittes. Ausbildungsleiter Nils Neumann: \u201eEin Praktikum ist immer ein guter Einstieg in eine Berufsausbildung. Man lernt sich kennen und beide Seiten bekommen einen echten Eindruck.\u201c Auch bei Holcim wurden gestern Bewerbungen abgegeben. \u201eEs ist unser Ziel, dass die Jugendlichen schon gut vorbereitet zur Messe kommen und gezielt St\u00e4nde aufsuchen. Mein Eindruck ist, dass uns das von Jahr zu Jahr besser gelingt\u201c, sagt rbz-Lehrerin Christel Butensch\u00f6n. [\u2026]<\/p>\n<p>Die [n\u00e4chste] Chance dazu gibt es im kommenden Jahr bei der vierten Auflage der Ausbildungsmesse. \u201eEs wird 2015 auf jeden Fall wieder einen Tag der beruflichen Bildung geben\u201c, k\u00fcndigte Rainer Kattge bereits an. Nur der genaue Termin stehe noch nicht ganz fest.<\/p>\n<p><em>Quelle: Norddeutsche Rundschau vom 20. September 2014<\/em><\/p>\n","protected":false},"excerpt":{"rendered":"<p>72 Aussteller pr\u00e4sentieren Ausbildungsm\u00f6glichkeiten f\u00fcr Jugendliche Handwerk oder kaufm\u00e4nnische Ausbildung? Oder vielleicht doch ein Studium? Die erste Berufsentscheidung nach der Schule stellt wichtige Weichen im Leben junger Menschen. Orientierungshilfe bei der Berufswahl lieferte gestern die dritte Ausbildungsmesse AzubIZ im Regionalen &hellip; <a href=\"https:\/\/wbs-itzehoe.de\/?p=2331\">Weiterlesen <span class=\"meta-nav\">&rarr;<\/span><\/a><\/p>\n","protected":false},"author":6,"featured_media":2339,"comment_status":"closed","ping_status":"closed","sticky":false,"template":"","format":"standard","meta":{"footnotes":""},"categories":[3,36,16],"tags":[],"class_list":["post-2331","post","type-post","status-publish","format-standard","has-post-thumbnail","hentry","category-allgemein","category-berufsorientierung","category-schueler"],"_links":{"self":[{"href":"https:\/\/wbs-itzehoe.de\/index.php?rest_route=\/wp\/v2\/posts\/2331","targetHints":{"allow":["GET"]}}],"collection":[{"href":"https:\/\/wbs-itzehoe.de\/index.php?rest_route=\/wp\/v2\/posts"}],"about":[{"href":"https:\/\/wbs-itzehoe.de\/index.php?rest_route=\/wp\/v2\/types\/post"}],"author":[{"embeddable":true,"href":"https:\/\/wbs-itzehoe.de\/index.php?rest_route=\/wp\/v2\/users\/6"}],"replies":[{"embeddable":true,"href":"https:\/\/wbs-itzehoe.de\/index.php?rest_route=%2Fwp%2Fv2%2Fcomments&post=2331"}],"version-history":[{"count":9,"href":"https:\/\/wbs-itzehoe.de\/index.php?rest_route=\/wp\/v2\/posts\/2331\/revisions"}],"predecessor-version":[{"id":2362,"href":"https:\/\/wbs-itzehoe.de\/index.php?rest_route=\/wp\/v2\/posts\/2331\/revisions\/2362"}],"wp:featuredmedia":[{"embeddable":true,"href":"https:\/\/wbs-itzehoe.de\/index.php?rest_route=\/wp\/v2\/media\/2339"}],"wp:attachment":[{"href":"https:\/\/wbs-itzehoe.de\/index.php?rest_route=%2Fwp%2Fv2%2Fmedia&parent=2331"}],"wp:term":[{"taxonomy":"category","embeddable":true,"href":"https:\/\/wbs-itzehoe.de\/index.php?rest_route=%2Fwp%2Fv2%2Fcategories&post=2331"},{"taxonomy":"post_tag","embeddable":true,"href":"https:\/\/wbs-itzehoe.de\/index.php?rest_route=%2Fwp%2Fv2%2Ftags&post=2331"}],"curies":[{"name":"wp","href":"https:\/\/api.w.org\/{rel}","templated":true}]}}