{"id":4407,"date":"2016-07-19T17:14:01","date_gmt":"2016-07-19T15:14:01","guid":{"rendered":"http:\/\/wbs-itzehoe.de\/?p=4407"},"modified":"2016-10-01T11:20:27","modified_gmt":"2016-10-01T09:20:27","slug":"ich-werde-nicht-nachlassen","status":"publish","type":"post","link":"https:\/\/wbs-itzehoe.de\/?p=4407","title":{"rendered":"\u201eIch werde nicht nachlassen\u201c"},"content":{"rendered":"<h3>Sven-Eric Leisner offiziell als Leiter der Wolfgang-Borchert-Schule begr\u00fc\u00dft<\/h3>\n<p>Die ersten 100 Tage als Leiter der Wolfgang-Borchert-Schule habe Sven-Eric Leisner \u201ebrillant \u00fcberstanden\u201c, lobte B\u00fcrgermeister Andreas Koeppen. Gestern waren es 154 Tage im Amt \u2013 \u201eEnde des Welpenschutzes\u201c, stellte Leisner selbst fest. Der Rahmen war die offizielle Begr\u00fc\u00dfung in der Sporthalle, nachdem er sein erstes Halbjahr als Schulleiter schon hinter sich hat. \u201eErst die Arbeit, dann das Vergn\u00fcgen\u201c, erkl\u00e4rte der 45-J\u00e4hrige die Verz\u00f6gerung.<img loading=\"lazy\" decoding=\"async\" class=\"aligncenter size-full wp-image-4409\" src=\"http:\/\/wbs-itzehoe.de\/wp-content\/uploads\/2016\/07\/Leisner2016_Einfuehrung.jpeg\" alt=\"Leisner2016_Einfuehrung\" width=\"361\" height=\"281\" srcset=\"https:\/\/wbs-itzehoe.de\/wp-content\/uploads\/2016\/07\/Leisner2016_Einfuehrung.jpeg 361w, https:\/\/wbs-itzehoe.de\/wp-content\/uploads\/2016\/07\/Leisner2016_Einfuehrung-300x234.jpeg 300w\" sizes=\"auto, (max-width: 361px) 100vw, 361px\" \/><!--more-->Er kam von der Gemeinschaftsschule Kellinghusen und ist jetzt verantwortlich daf\u00fcr, die fr\u00fchere Regionalschule WBS weiter zur Gemeinschaftsschule umzugestalten. Auch das werde die WBS wieder bew\u00e4ltigen: \u201eWir machen Schule 2.0, 3.0 und, wenn es sein muss, auch 4.0.\u201c Ein Ziel, wohl ab 2017, sei ein erweitertes Nachmittagsangebot, und das mit dem neuen Haus der Jugend in direkter N\u00e4he: \u201eDas wird ein richtiges Erfolgskonzept\u201c, so Leisner.<\/p>\n<p>Viel Positives hat er in den ersten Monaten erlebt, aber auch festgestellt: \u201eEs ist immens, was auf einen einstr\u00f6mt.\u201c Seine Stellvertreterin Sabine Dethlefsen fasste die Aufgaben in 100 Verben \u2013 als kommissarische Leiterin in der Nachfolge von Marlies Latzenberger wusste sie, wovon sie sprach. Sie machte ebenso wie Personalr\u00e4tin Katrin Jahn deutlich, dass Leisner an der WBS gut angekommen sei und gut ankomme. Die Unterst\u00fctzung der Eltern sicherte Karina Pomp zu: \u201eWir Eltern \u00fcbergeben Ihnen das Liebste, was wir haben, in Ihre Verantwortung.\u201c Und die Schulleiter-Kollegen in Itzehoe st\u00fcnden stets zur Hilfe bereit, sagte Gudrun Kullik von der Grundschule Sude-West.<\/p>\n<p>Der Wahlausschuss habe auf die \u201eRisikokarte\u201c gesetzt, als er sich f\u00fcr Leisner entschieden habe und nicht f\u00fcr einen Kandidaten, der sich vorgestellt habe, sagte Schulrat Arnold Rehder. Umso mehr freute ihn die Aussage in der Einladung, dass der 45-J\u00e4hrige die Feuertaufe mit Bravour bestanden habe.<\/p>\n<p>Dieser hat viel vor mit den 650 Sch\u00fclern und 45 Kollegen: Jeden Tag werde er f\u00fcr die Weiterentwicklung der WBS arbeiten \u2013 \u201eund ich werde nicht nachlassen\u201c.lpe<\/p>\n","protected":false},"excerpt":{"rendered":"<p>Sven-Eric Leisner offiziell als Leiter der Wolfgang-Borchert-Schule begr\u00fc\u00dft Die ersten 100 Tage als Leiter der Wolfgang-Borchert-Schule habe Sven-Eric Leisner \u201ebrillant \u00fcberstanden\u201c, lobte B\u00fcrgermeister Andreas Koeppen. Gestern waren es 154 Tage im Amt \u2013 \u201eEnde des Welpenschutzes\u201c, stellte Leisner selbst fest. &hellip; <a href=\"https:\/\/wbs-itzehoe.de\/?p=4407\">Weiterlesen <span class=\"meta-nav\">&rarr;<\/span><\/a><\/p>\n","protected":false},"author":1,"featured_media":0,"comment_status":"closed","ping_status":"closed","sticky":false,"template":"","format":"standard","meta":{"footnotes":""},"categories":[3,46,24],"tags":[],"class_list":["post-4407","post","type-post","status-publish","format-standard","hentry","category-allgemein","category-einschulung","category-lehrer"],"_links":{"self":[{"href":"https:\/\/wbs-itzehoe.de\/index.php?rest_route=\/wp\/v2\/posts\/4407","targetHints":{"allow":["GET"]}}],"collection":[{"href":"https:\/\/wbs-itzehoe.de\/index.php?rest_route=\/wp\/v2\/posts"}],"about":[{"href":"https:\/\/wbs-itzehoe.de\/index.php?rest_route=\/wp\/v2\/types\/post"}],"author":[{"embeddable":true,"href":"https:\/\/wbs-itzehoe.de\/index.php?rest_route=\/wp\/v2\/users\/1"}],"replies":[{"embeddable":true,"href":"https:\/\/wbs-itzehoe.de\/index.php?rest_route=%2Fwp%2Fv2%2Fcomments&post=4407"}],"version-history":[{"count":2,"href":"https:\/\/wbs-itzehoe.de\/index.php?rest_route=\/wp\/v2\/posts\/4407\/revisions"}],"predecessor-version":[{"id":4410,"href":"https:\/\/wbs-itzehoe.de\/index.php?rest_route=\/wp\/v2\/posts\/4407\/revisions\/4410"}],"wp:attachment":[{"href":"https:\/\/wbs-itzehoe.de\/index.php?rest_route=%2Fwp%2Fv2%2Fmedia&parent=4407"}],"wp:term":[{"taxonomy":"category","embeddable":true,"href":"https:\/\/wbs-itzehoe.de\/index.php?rest_route=%2Fwp%2Fv2%2Fcategories&post=4407"},{"taxonomy":"post_tag","embeddable":true,"href":"https:\/\/wbs-itzehoe.de\/index.php?rest_route=%2Fwp%2Fv2%2Ftags&post=4407"}],"curies":[{"name":"wp","href":"https:\/\/api.w.org\/{rel}","templated":true}]}}