{"id":4520,"date":"2016-08-29T23:11:27","date_gmt":"2016-08-29T21:11:27","guid":{"rendered":"http:\/\/wbs-itzehoe.de\/?p=4520"},"modified":"2016-09-02T22:15:20","modified_gmt":"2016-09-02T20:15:20","slug":"summertime-and-the-living-is-easy-und-am-montag-dem-5-september-geht-die-schule-wieder-los","status":"publish","type":"post","link":"https:\/\/wbs-itzehoe.de\/?p=4520","title":{"rendered":"Summertime and the living is easy \u2026 <p>und am Montag, dem 5. September geht die Schule wieder los"},"content":{"rendered":"<p><img loading=\"lazy\" decoding=\"async\" class=\"alignleft size-medium wp-image-4522\" src=\"http:\/\/wbs-itzehoe.de\/wp-content\/uploads\/2016\/08\/WhatsApp-Image-2016-08-29-at-15.11.50-e1472505031232-169x300.jpeg\" alt=\"WhatsApp Image 2016-08-29 at 15.11.50\" width=\"169\" height=\"300\" srcset=\"https:\/\/wbs-itzehoe.de\/wp-content\/uploads\/2016\/08\/WhatsApp-Image-2016-08-29-at-15.11.50-e1472505031232-169x300.jpeg 169w, https:\/\/wbs-itzehoe.de\/wp-content\/uploads\/2016\/08\/WhatsApp-Image-2016-08-29-at-15.11.50-e1472505031232-768x1365.jpeg 768w, https:\/\/wbs-itzehoe.de\/wp-content\/uploads\/2016\/08\/WhatsApp-Image-2016-08-29-at-15.11.50-e1472505031232-576x1024.jpeg 576w, https:\/\/wbs-itzehoe.de\/wp-content\/uploads\/2016\/08\/WhatsApp-Image-2016-08-29-at-15.11.50-e1472505031232.jpeg 900w\" sizes=\"auto, (max-width: 169px) 100vw, 169px\" \/>Wir hoffen, alle Sch\u00fcler\/innen und Eltern haben die wundersch\u00f6ne Sommerzeit genossen.<\/p>\n<p>Nachdem wir unsere alten Sachen aus dem vergangenen Schuljahr wegger\u00e4umt und die Taschen mit frischen Materialien gepackt haben, h\u00f6rte ich einige Sch\u00fcler\/innen sagen, sie w\u00fcrden sich schon auf die Schule freuen \u2026\u00a0 \ud83d\ude42\u00a0<\/p>\n<p>Wir starten am Montag (5.9.16) neugierig in das neue Schuljahr. In den ersten beiden Stunden ist Klassenlehrer\/innenunterricht, danach folgt Fachlehrerunter\u00adricht entsprechend der Stundenpl\u00e4ne.<\/p>\n<p>Wir w\u00fcnschen unseren Sch\u00fclerinnen und Sch\u00fclern ein spannendes und erfolgreiches Schuljahr 2016\/17.<\/p>\n","protected":false},"excerpt":{"rendered":"<p>Wir hoffen, alle Sch\u00fcler\/innen und Eltern haben die wundersch\u00f6ne Sommerzeit genossen. Nachdem wir unsere alten Sachen aus dem vergangenen Schuljahr wegger\u00e4umt und die Taschen mit frischen Materialien gepackt haben, h\u00f6rte ich einige Sch\u00fcler\/innen sagen, sie w\u00fcrden sich schon auf die &hellip; <a href=\"https:\/\/wbs-itzehoe.de\/?p=4520\">Weiterlesen <span class=\"meta-nav\">&rarr;<\/span><\/a><\/p>\n","protected":false},"author":1,"featured_media":0,"comment_status":"closed","ping_status":"closed","sticky":false,"template":"","format":"standard","meta":{"footnotes":""},"categories":[3,46,16],"tags":[],"class_list":["post-4520","post","type-post","status-publish","format-standard","hentry","category-allgemein","category-einschulung","category-schueler"],"_links":{"self":[{"href":"https:\/\/wbs-itzehoe.de\/index.php?rest_route=\/wp\/v2\/posts\/4520","targetHints":{"allow":["GET"]}}],"collection":[{"href":"https:\/\/wbs-itzehoe.de\/index.php?rest_route=\/wp\/v2\/posts"}],"about":[{"href":"https:\/\/wbs-itzehoe.de\/index.php?rest_route=\/wp\/v2\/types\/post"}],"author":[{"embeddable":true,"href":"https:\/\/wbs-itzehoe.de\/index.php?rest_route=\/wp\/v2\/users\/1"}],"replies":[{"embeddable":true,"href":"https:\/\/wbs-itzehoe.de\/index.php?rest_route=%2Fwp%2Fv2%2Fcomments&post=4520"}],"version-history":[{"count":5,"href":"https:\/\/wbs-itzehoe.de\/index.php?rest_route=\/wp\/v2\/posts\/4520\/revisions"}],"predecessor-version":[{"id":4537,"href":"https:\/\/wbs-itzehoe.de\/index.php?rest_route=\/wp\/v2\/posts\/4520\/revisions\/4537"}],"wp:attachment":[{"href":"https:\/\/wbs-itzehoe.de\/index.php?rest_route=%2Fwp%2Fv2%2Fmedia&parent=4520"}],"wp:term":[{"taxonomy":"category","embeddable":true,"href":"https:\/\/wbs-itzehoe.de\/index.php?rest_route=%2Fwp%2Fv2%2Fcategories&post=4520"},{"taxonomy":"post_tag","embeddable":true,"href":"https:\/\/wbs-itzehoe.de\/index.php?rest_route=%2Fwp%2Fv2%2Ftags&post=4520"}],"curies":[{"name":"wp","href":"https:\/\/api.w.org\/{rel}","templated":true}]}}