{"id":4547,"date":"2016-09-25T15:44:04","date_gmt":"2016-09-25T13:44:04","guid":{"rendered":"http:\/\/wbs-itzehoe.de\/?p=4547"},"modified":"2016-09-25T16:03:35","modified_gmt":"2016-09-25T14:03:35","slug":"die-wbs-begruesst-ihre-neuen-fuenfklaessler","status":"publish","type":"post","link":"https:\/\/wbs-itzehoe.de\/?p=4547","title":{"rendered":"Die WBS begr\u00fc\u00dft ihre neuen F\u00fcnfkl\u00e4ssler"},"content":{"rendered":"<p>Was war das f\u00fcr eine sch\u00f6ne Atmosph\u00e4re, als am Dienstag, dem 6.September die ersten aufgeregten F\u00fcnfkl\u00e4ssler mit ihren Eltern in der WBS eintrudelten. Die Sonne lachte vom Himmel und zauberte ein L\u00e4cheln auf die Gesichter von Sch\u00fclern, Eltern und Lehrern.<\/p>\n<p><div id=\"attachment_4550\" style=\"width: 810px\" class=\"wp-caption aligncenter\"><img loading=\"lazy\" decoding=\"async\" aria-describedby=\"caption-attachment-4550\" class=\"wp-image-4550 size-full\" src=\"http:\/\/wbs-itzehoe.de\/wp-content\/uploads\/2016\/09\/Klasse_5a-2_kl.jpeg\" alt=\"klasse_5a-2_kl\" width=\"800\" height=\"599\" srcset=\"https:\/\/wbs-itzehoe.de\/wp-content\/uploads\/2016\/09\/Klasse_5a-2_kl.jpeg 800w, https:\/\/wbs-itzehoe.de\/wp-content\/uploads\/2016\/09\/Klasse_5a-2_kl-300x225.jpeg 300w, https:\/\/wbs-itzehoe.de\/wp-content\/uploads\/2016\/09\/Klasse_5a-2_kl-768x575.jpeg 768w\" sizes=\"auto, (max-width: 800px) 100vw, 800px\" \/><p id=\"caption-attachment-4550\" class=\"wp-caption-text\">Klasse 5a<\/p><\/div> <div id=\"attachment_4549\" style=\"width: 810px\" class=\"wp-caption alignleft\"><img loading=\"lazy\" decoding=\"async\" aria-describedby=\"caption-attachment-4549\" class=\"wp-image-4549 size-full\" src=\"http:\/\/wbs-itzehoe.de\/wp-content\/uploads\/2016\/09\/Klasse_5b_kl.jpeg\" alt=\"klasse_5b_kl\" width=\"800\" height=\"600\" srcset=\"https:\/\/wbs-itzehoe.de\/wp-content\/uploads\/2016\/09\/Klasse_5b_kl.jpeg 800w, https:\/\/wbs-itzehoe.de\/wp-content\/uploads\/2016\/09\/Klasse_5b_kl-300x225.jpeg 300w, https:\/\/wbs-itzehoe.de\/wp-content\/uploads\/2016\/09\/Klasse_5b_kl-768x576.jpeg 768w\" sizes=\"auto, (max-width: 800px) 100vw, 800px\" \/><p id=\"caption-attachment-4549\" class=\"wp-caption-text\">Klasse 5b<\/p><\/div> <div id=\"attachment_4548\" style=\"width: 810px\" class=\"wp-caption aligncenter\"><img loading=\"lazy\" decoding=\"async\" aria-describedby=\"caption-attachment-4548\" class=\"wp-image-4548 size-full\" src=\"http:\/\/wbs-itzehoe.de\/wp-content\/uploads\/2016\/09\/Klasse_5c-2_kl.jpeg\" alt=\"klasse_5c-2_kl\" width=\"800\" height=\"599\" srcset=\"https:\/\/wbs-itzehoe.de\/wp-content\/uploads\/2016\/09\/Klasse_5c-2_kl.jpeg 800w, https:\/\/wbs-itzehoe.de\/wp-content\/uploads\/2016\/09\/Klasse_5c-2_kl-300x225.jpeg 300w, https:\/\/wbs-itzehoe.de\/wp-content\/uploads\/2016\/09\/Klasse_5c-2_kl-768x575.jpeg 768w\" sizes=\"auto, (max-width: 800px) 100vw, 800px\" \/><p id=\"caption-attachment-4548\" class=\"wp-caption-text\">Klasse 5c<\/p><\/div><\/p>\n<p><!--more-->In der schon herbstlich geschm\u00fcckten Sporthalle wurden die F\u00fcnfkl\u00e4ssler dann herzlich in verschiedenen Sprachen willkommen gehei\u00dfen. Es war ein kurzes, aber buntes Rahmenprogramm, bei dem der Schulleiter Herr Leisner und die Schulelternsprecherin Frau Pomp den neuen Jahrgang motivierten, die WBS mitzugestalten und einen bleibenden Eindruck zu hinterlassen. Musikalisch unterstrichen wurde die Einschulungsfeier von unserer Schulband.<\/p>\n<p>Dann kam der spannnenste Teil: Die Sch\u00fcler wurden in ihre Klassen eingeteilt. Jeder einzelne marschierte mutig zu seiner Klassenlehrerin, von der er mit einem herzlichen Handschlag begr\u00fc\u00dft wurde. Als Gl\u00fccksbringer f\u00fcr die ersten Tage \u00fcberreichten die Sechskl\u00e4ssler den neuen F\u00fcnften selbstgebastelte Hufeisen und Marienk\u00e4fer. Dann ging es in den neuen Klassenraum und hoffentlich auf in eine erfolgreiche Schulzeit an der WBS!!!<\/p>\n<p><em>S. Schallhofer, Klassenlehrerin der 5b<\/em><\/p>\n","protected":false},"excerpt":{"rendered":"<p>Was war das f\u00fcr eine sch\u00f6ne Atmosph\u00e4re, als am Dienstag, dem 6.September die ersten aufgeregten F\u00fcnfkl\u00e4ssler mit ihren Eltern in der WBS eintrudelten. Die Sonne lachte vom Himmel und zauberte ein L\u00e4cheln auf die Gesichter von Sch\u00fclern, Eltern und Lehrern.<\/p>\n","protected":false},"author":1,"featured_media":0,"comment_status":"closed","ping_status":"closed","sticky":false,"template":"","format":"standard","meta":{"footnotes":""},"categories":[3,46,16],"tags":[],"class_list":["post-4547","post","type-post","status-publish","format-standard","hentry","category-allgemein","category-einschulung","category-schueler"],"_links":{"self":[{"href":"https:\/\/wbs-itzehoe.de\/index.php?rest_route=\/wp\/v2\/posts\/4547","targetHints":{"allow":["GET"]}}],"collection":[{"href":"https:\/\/wbs-itzehoe.de\/index.php?rest_route=\/wp\/v2\/posts"}],"about":[{"href":"https:\/\/wbs-itzehoe.de\/index.php?rest_route=\/wp\/v2\/types\/post"}],"author":[{"embeddable":true,"href":"https:\/\/wbs-itzehoe.de\/index.php?rest_route=\/wp\/v2\/users\/1"}],"replies":[{"embeddable":true,"href":"https:\/\/wbs-itzehoe.de\/index.php?rest_route=%2Fwp%2Fv2%2Fcomments&post=4547"}],"version-history":[{"count":3,"href":"https:\/\/wbs-itzehoe.de\/index.php?rest_route=\/wp\/v2\/posts\/4547\/revisions"}],"predecessor-version":[{"id":4553,"href":"https:\/\/wbs-itzehoe.de\/index.php?rest_route=\/wp\/v2\/posts\/4547\/revisions\/4553"}],"wp:attachment":[{"href":"https:\/\/wbs-itzehoe.de\/index.php?rest_route=%2Fwp%2Fv2%2Fmedia&parent=4547"}],"wp:term":[{"taxonomy":"category","embeddable":true,"href":"https:\/\/wbs-itzehoe.de\/index.php?rest_route=%2Fwp%2Fv2%2Fcategories&post=4547"},{"taxonomy":"post_tag","embeddable":true,"href":"https:\/\/wbs-itzehoe.de\/index.php?rest_route=%2Fwp%2Fv2%2Ftags&post=4547"}],"curies":[{"name":"wp","href":"https:\/\/api.w.org\/{rel}","templated":true}]}}