{"id":4677,"date":"2016-12-03T04:54:38","date_gmt":"2016-12-03T03:54:38","guid":{"rendered":"http:\/\/wbs-itzehoe.de\/?p=4677"},"modified":"2017-01-05T14:47:03","modified_gmt":"2017-01-05T13:47:03","slug":"digitales-lernen-ministerin-auf-der-schulbank","status":"publish","type":"post","link":"https:\/\/wbs-itzehoe.de\/?p=4677","title":{"rendered":"Digitales Lernen: Ministerin auf der Schulbank"},"content":{"rendered":"<h2 class=\"NG_unterzeile\">Britta Ernst besucht Wolfgang<span class=\"bx\">&#8211;<\/span>Borchert<span class=\"bx\">&#8211;<\/span>Schule<\/h2>\n<div class=\"NG_ort\"><div id=\"attachment_4674\" style=\"width: 216px\" class=\"wp-caption alignright\"><img loading=\"lazy\" decoding=\"async\" aria-describedby=\"caption-attachment-4674\" class=\"wp-image-4674 size-full\" src=\"http:\/\/wbs-itzehoe.de\/wp-content\/uploads\/2016\/12\/d016c0f3be409fe80661af8d40c2aec7-e1480736098688.jpg\" alt=\"d016c0f3be409fe80661af8d40c2aec7\" width=\"206\" height=\"118\" \/><p id=\"caption-attachment-4674\" class=\"wp-caption-text\">Bildungsministerin Britta Ernst (M.) mit WBS-Sch\u00fclerinnnen Vanessa Denzin (l.) und Nele B\u00f6ttcher. Quelle: shz vom 3.12.2016, Foto: MKT<\/p><\/div>Kabelloses Internet, Projektionen \u00fcber Dokumentkamera und Beamer, Arbeiten mit dem Tablet w\u00e4hrend des Unterrichts \u2013 f\u00fcr Sch\u00fcler und Lehrer der Wolfgang-Borchert-Schule (WBS) l\u00e4ngst Normalit\u00e4t. Daf\u00fcr ist die Gemeinschaftsschule, ebenso wie 20 weitere Bildungseinrichtungen in Schleswig-Holstein, in diesem Jahr als \u201eModellschule des digitalen Lernens\u201c ausgezeichnet worden.<\/p>\n<p>Gestern war Bildungsministerin Britta Ernst (SPD) an der WBS zu Gast und verschaffte sich einen Eindruck, wie dort mit neuen Medien gearbeitet wird. \u201eWir wollen sehen, wie sich das digitale Lernen entwickelt und wo wir vielleicht zuk\u00fcnftig noch ansetzen k\u00f6nnen\u201c, so Ernst. Dazu nahm sie unter anderem an mehreren Unterrichtsstunden teil \u2013 und war begeistert: \u201eWas wir gesehen haben, war grandios. Die Medien werden sehr sinnvoll eingesetzt und es wird in jedem Fach systematisch damit gearbeitet.\u201c<\/p>\n<p><!--more--><\/p>\n<p>Mit dem Projekt werde auf die Anforderungen in der digitalisierten Welt reagiert. \u201eDer Umgang mit digitalen Medien ist eine neue Kernkompetenz\u201c, erkl\u00e4rte die Ministerin. Ziel sei es, die Sch\u00fcler zu einem selbstverst\u00e4ndlichen Umgang zu bef\u00e4higen, gleichzeitig aber auch auf die Risiken hinzuweisen. \u201eNicht alles, was im Netz steht, ist richtig\u201c, so Ernst.<\/p>\n<p>In diesem Jahr standen im Land 300\u00a0000 Euro zur F\u00f6rderung der Schulen bereit, n\u00e4chstes Jahr soll die Summe auf eine halbe Million Euro steigen. Auch die Stadt Itzehoe unterst\u00fctzt als Schultr\u00e4ger die Vorhaben \u2013 sowohl finanziell als auch beim \u201etechnischen Support\u201c, wie die Ministerin lobend betonte.<\/p>\n<p>\u201eMit einer Schule wie der WBS k\u00f6nnen wir als Schulstandort nat\u00fcrlich punkten\u201c, sagte B\u00fcrgermeister Andreas Koeppen. An der Gemeinschaftsschule, die neben der Auszeichnung 10\u00a0000 Euro erhielt, werden alle Sch\u00fcler ab der f\u00fcnften Klasse f\u00e4cher\u00fcbergreifend mit Hilfe der neuen Technik unterrichtet. \u201eDie Medien sind seit vielen Jahren im Wandel, das geben wir weiter\u201c, sagte Schulleiter Sven-Eric Leisner, der sein Amt erst seit rund zehn Monaten bekleidet, das Konzept aber sofort unterst\u00fctzt habe: \u201eEs ist der einzig richtige Weg.\u201c<\/p>\n<p>Bei den Sch\u00fclern kommt diese Art des Unterrichts sehr gut an: \u201eDie Stunden sind spannender, das Arbeiten macht mehr Spa\u00df\u201c, waren sich Nele, Vanessa und Felix (alle 13) einig.<\/p><\/div>\n<div class=\"NG_ort\">\u00a0<\/div>\n<div class=\"NG_ort\">Quelle: Marc Kramh\u00f6ft in shz vom 3.12.2016<\/div>\n<div class=\"NG_ort\">\u00a0<\/div>\n<div class=\"NG_ort\">siehe auch: <a href=\"http:\/\/wbs-itzehoe.de\/?p=4072\">Lernen mit digitalen Medien an der WBS<\/a><\/div>\n","protected":false},"excerpt":{"rendered":"<p>Britta Ernst besucht Wolfgang&#8211;Borchert&#8211;Schule Kabelloses Internet, Projektionen \u00fcber Dokumentkamera und Beamer, Arbeiten mit dem Tablet w\u00e4hrend des Unterrichts \u2013 f\u00fcr Sch\u00fcler und Lehrer der Wolfgang-Borchert-Schule (WBS) l\u00e4ngst Normalit\u00e4t. Daf\u00fcr ist die Gemeinschaftsschule, ebenso wie 20 weitere Bildungseinrichtungen in Schleswig-Holstein, in &hellip; <a href=\"https:\/\/wbs-itzehoe.de\/?p=4677\">Weiterlesen <span class=\"meta-nav\">&rarr;<\/span><\/a><\/p>\n","protected":false},"author":1,"featured_media":0,"comment_status":"closed","ping_status":"closed","sticky":false,"template":"","format":"standard","meta":{"footnotes":""},"categories":[3,57,24,37,16,41],"tags":[],"class_list":["post-4677","post","type-post","status-publish","format-standard","hentry","category-allgemein","category-digitale-schule","category-lehrer","category-mint","category-schueler","category-zukunftsschule"],"_links":{"self":[{"href":"https:\/\/wbs-itzehoe.de\/index.php?rest_route=\/wp\/v2\/posts\/4677","targetHints":{"allow":["GET"]}}],"collection":[{"href":"https:\/\/wbs-itzehoe.de\/index.php?rest_route=\/wp\/v2\/posts"}],"about":[{"href":"https:\/\/wbs-itzehoe.de\/index.php?rest_route=\/wp\/v2\/types\/post"}],"author":[{"embeddable":true,"href":"https:\/\/wbs-itzehoe.de\/index.php?rest_route=\/wp\/v2\/users\/1"}],"replies":[{"embeddable":true,"href":"https:\/\/wbs-itzehoe.de\/index.php?rest_route=%2Fwp%2Fv2%2Fcomments&post=4677"}],"version-history":[{"count":7,"href":"https:\/\/wbs-itzehoe.de\/index.php?rest_route=\/wp\/v2\/posts\/4677\/revisions"}],"predecessor-version":[{"id":4684,"href":"https:\/\/wbs-itzehoe.de\/index.php?rest_route=\/wp\/v2\/posts\/4677\/revisions\/4684"}],"wp:attachment":[{"href":"https:\/\/wbs-itzehoe.de\/index.php?rest_route=%2Fwp%2Fv2%2Fmedia&parent=4677"}],"wp:term":[{"taxonomy":"category","embeddable":true,"href":"https:\/\/wbs-itzehoe.de\/index.php?rest_route=%2Fwp%2Fv2%2Fcategories&post=4677"},{"taxonomy":"post_tag","embeddable":true,"href":"https:\/\/wbs-itzehoe.de\/index.php?rest_route=%2Fwp%2Fv2%2Ftags&post=4677"}],"curies":[{"name":"wp","href":"https:\/\/api.w.org\/{rel}","templated":true}]}}