{"id":4781,"date":"2017-02-28T21:23:01","date_gmt":"2017-02-28T20:23:01","guid":{"rendered":"http:\/\/wbs-itzehoe.de\/?p=4781"},"modified":"2017-02-28T21:23:52","modified_gmt":"2017-02-28T20:23:52","slug":"besuch-des-9-aktionstages-mint","status":"publish","type":"post","link":"https:\/\/wbs-itzehoe.de\/?p=4781","title":{"rendered":"Besuch des 9. Aktionstages MINT"},"content":{"rendered":"<p>Am 28.02.2017 fuh<img loading=\"lazy\" decoding=\"async\" class=\"alignleft size-medium wp-image-4782\" src=\"http:\/\/wbs-itzehoe.de\/wp-content\/uploads\/2017\/02\/MINT-Messe-225x300.jpg\" alt=\"\" width=\"225\" height=\"300\" srcset=\"https:\/\/wbs-itzehoe.de\/wp-content\/uploads\/2017\/02\/MINT-Messe-225x300.jpg 225w, https:\/\/wbs-itzehoe.de\/wp-content\/uploads\/2017\/02\/MINT-Messe-768x1024.jpg 768w\" sizes=\"auto, (max-width: 225px) 100vw, 225px\" \/>ren 26 gut gelaunte und interessierte M\u00e4dchen der Klassen 8 und 10 gemeinsam mit Frau Priebe ins Fraunhoferinstitut (ISIT), um den Aktionstag MINT zu besuchen.<\/p>\n<p>MINT steht f\u00fcr Mathematik, Informatik, Naturwissenschaften und Technik. Die Veranstaltung im ISIT richtete sich ausschlie\u00dflich an die M\u00e4dchen und wollte \u00fcber Berufe und Bildungsg\u00e4nge informieren, die sich schwerpunktm\u00e4\u00dfig im MINT-Bereich ansiedeln.<\/p>\n<p>So konnten sich die Sch\u00fclerinnen z.B. bei dem\u00a0 Pharmabetrieb\u00a0 Pohl-Boskamp \u00fcber Ausbildungsg\u00e4nge informieren, mit einer VR-Brille die Technik einer virtuellen Realit\u00e4t kennenlernen oder mit dem Mikroskop einen Microchip begutachten.<!--more--><\/p>\n<p>Aber die Besucherinnen lauschten auch den Berichten der sogenannten \u201eVorbildfrauen\u201c, die ihre ganz pers\u00f6nlichen beruflichen Werdeg\u00e4nge vorstellten. So berichtete eine gelernte Technische Zeichnerin von ihrem Weg der Ausbildung, berufliches Gymnasium, das metalltechnische Studium und ihrem jetzigen Bet\u00e4tigungsfeld als Berufsschullehrerin am rbz Itzehoe.<\/p>\n<p>Abschlie\u00dfend wurden gesponserte Preise verlost und zwei unserer M\u00e4dchen hatten Gl\u00fcck und durften sich \u00fcber Eintrittskarten f\u00fcr die Fernsehsendung \u201eSportclub\u201c im NDR freuen.<\/p>\n<p>Text &amp; Foto: J. Priebe<\/p>\n","protected":false},"excerpt":{"rendered":"<p>Am 28.02.2017 fuhren 26 gut gelaunte und interessierte M\u00e4dchen der Klassen 8 und 10 gemeinsam mit Frau Priebe ins Fraunhoferinstitut (ISIT), um den Aktionstag MINT zu besuchen. MINT steht f\u00fcr Mathematik, Informatik, Naturwissenschaften und Technik. Die Veranstaltung im ISIT richtete &hellip; <a href=\"https:\/\/wbs-itzehoe.de\/?p=4781\">Weiterlesen <span class=\"meta-nav\">&rarr;<\/span><\/a><\/p>\n","protected":false},"author":6,"featured_media":0,"comment_status":"closed","ping_status":"closed","sticky":false,"template":"","format":"standard","meta":{"footnotes":""},"categories":[36,37],"tags":[],"class_list":["post-4781","post","type-post","status-publish","format-standard","hentry","category-berufsorientierung","category-mint"],"_links":{"self":[{"href":"https:\/\/wbs-itzehoe.de\/index.php?rest_route=\/wp\/v2\/posts\/4781","targetHints":{"allow":["GET"]}}],"collection":[{"href":"https:\/\/wbs-itzehoe.de\/index.php?rest_route=\/wp\/v2\/posts"}],"about":[{"href":"https:\/\/wbs-itzehoe.de\/index.php?rest_route=\/wp\/v2\/types\/post"}],"author":[{"embeddable":true,"href":"https:\/\/wbs-itzehoe.de\/index.php?rest_route=\/wp\/v2\/users\/6"}],"replies":[{"embeddable":true,"href":"https:\/\/wbs-itzehoe.de\/index.php?rest_route=%2Fwp%2Fv2%2Fcomments&post=4781"}],"version-history":[{"count":2,"href":"https:\/\/wbs-itzehoe.de\/index.php?rest_route=\/wp\/v2\/posts\/4781\/revisions"}],"predecessor-version":[{"id":4784,"href":"https:\/\/wbs-itzehoe.de\/index.php?rest_route=\/wp\/v2\/posts\/4781\/revisions\/4784"}],"wp:attachment":[{"href":"https:\/\/wbs-itzehoe.de\/index.php?rest_route=%2Fwp%2Fv2%2Fmedia&parent=4781"}],"wp:term":[{"taxonomy":"category","embeddable":true,"href":"https:\/\/wbs-itzehoe.de\/index.php?rest_route=%2Fwp%2Fv2%2Fcategories&post=4781"},{"taxonomy":"post_tag","embeddable":true,"href":"https:\/\/wbs-itzehoe.de\/index.php?rest_route=%2Fwp%2Fv2%2Ftags&post=4781"}],"curies":[{"name":"wp","href":"https:\/\/api.w.org\/{rel}","templated":true}]}}