{"id":6438,"date":"2020-08-03T19:38:22","date_gmt":"2020-08-03T17:38:22","guid":{"rendered":"http:\/\/wbs-itzehoe.de\/?p=6438"},"modified":"2020-08-03T22:04:58","modified_gmt":"2020-08-03T20:04:58","slug":"einschulung-2020","status":"publish","type":"post","link":"https:\/\/wbs-itzehoe.de\/?p=6438","title":{"rendered":"Einschulung 2020"},"content":{"rendered":"<p><span style=\"color: #333333;\"><span style=\"font-family: Georgia, Bitstream Charter, serif;\"><span style=\"font-size: x-large;\"><img loading=\"lazy\" decoding=\"async\" class=\"size-medium wp-image-6439 alignleft\" src=\"http:\/\/wbs-itzehoe.de\/wp-content\/uploads\/2020\/08\/615c041f-bd23-4de0-bd9e-dc8005f37999-213x300.jpg\" alt=\"\" width=\"213\" height=\"300\" \/><span style=\"font-size: 14pt;\">Liebe F\u00fcnftkl\u00e4ssler,<\/span><\/span><\/span><\/span><\/p>\n<p><span style=\"font-size: 14pt;\"><span style=\"color: #333333;\"><span style=\"font-family: Georgia, Bitstream Charter, serif;\">am <\/span><\/span><strong><span style=\"color: #333333;\"><span style=\"font-family: Georgia, Bitstream Charter, serif;\"><b>11. August 2020 <\/b><\/span><\/span><\/strong><span style=\"color: #333333;\"><span style=\"font-family: Georgia, Bitstream Charter, serif;\">ist es endlich soweit.<\/span><\/span><span style=\"color: #333333;\"><span style=\"font-family: Georgia, Bitstream Charter, serif;\"> Wir sind schon flei\u00dfig dabei, alles f\u00fcr euch vorzubereiten, damit ihr trotz Corona einen richtig tollen ersten Schultag habt.<\/span><\/span><\/span><\/p>\n<p><span style=\"font-size: 14pt;\"><span style=\"color: #333333;\"><span style=\"font-family: Georgia, Bitstream Charter, serif;\">Die Klassen <\/span><\/span><span style=\"color: #333333;\"><span style=\"font-family: Georgia, Bitstream Charter, serif;\"><b>5a, 5b und 5c<\/b><\/span><\/span><span style=\"color: #333333;\"><span style=\"font-family: Georgia, Bitstream Charter, serif;\"> werden um <\/span><\/span><span style=\"color: #333333;\"><span style=\"font-family: Georgia, Bitstream Charter, serif;\"><b>8:15 Uhr<\/b><\/span><\/span><span style=\"color: #333333;\"><span style=\"font-family: Georgia, Bitstream Charter, serif;\"> erwartet.\u00a0<\/span><\/span><\/span><span style=\"font-size: 14pt;\"><span style=\"color: #333333;\"><span style=\"font-family: Georgia, Bitstream Charter, serif;\">Nach einem kleinen Festprogramm lernt ihr eure neuen Klassenlehrer\/-innen und Mitsch\u00fcler\/-innen kennen. Euer erster Schultag endet<\/span><\/span>\u00a0<strong><span style=\"color: #333333;\"><span style=\"font-family: Georgia, Bitstream Charter, serif;\"><b>um 10:00 Uhr.<\/b><\/span><\/span><\/strong><\/span><\/p>\n<p><span style=\"font-size: 14pt;\"><span style=\"color: #333333;\"><span style=\"font-family: Georgia, Bitstream Charter, serif;\">Im Anschluss werden die Klasse <\/span><\/span><strong><span style=\"color: #333333;\"><span style=\"font-family: Georgia, Bitstream Charter, serif;\"><b>5d und 5e um 11:15 Uhr\u00a0<\/b><\/span><\/span><\/strong><span style=\"color: #333333;\"><span style=\"font-family: Georgia, Bitstream Charter, serif;\">eingeschult. Eurer Unterricht endet nach einem kleinen Festprogramm und dem Kennenlernen euer Klassenlehrer\/-innen und Mitsch\u00fcler\/-innen <\/span><\/span><span style=\"color: #333333;\"><span style=\"font-family: Georgia, Bitstream Charter, serif;\">um\u00a0<\/span><\/span><strong><span style=\"color: #333333;\"><span style=\"font-family: Georgia, Bitstream Charter, serif;\"><b>13:00 Uhr<\/b><\/span><\/span><\/strong><strong><span style=\"color: #333333;\"><span style=\"font-family: Georgia, Bitstream Charter, serif;\">.<\/span><\/span><\/strong><\/span><\/p>\n<p><span style=\"color: #333333; font-size: 14pt;\"><span style=\"font-family: Georgia, Bitstream Charter, serif;\">W\u00e4hrend eurer ersten Unterrichtsstunde sind eure Eltern herzlich eingeladen auf unserem Schulhof bei Br\u00f6tchen, Kuchen und einer Tasse Kaffee mit dem Kollegium der WBS ins Gespr\u00e4ch zu kommen.<\/span><\/span><\/p>\n","protected":false},"excerpt":{"rendered":"<p>Liebe F\u00fcnftkl\u00e4ssler, am 11. August 2020 ist es endlich soweit. Wir sind schon flei\u00dfig dabei, alles f\u00fcr euch vorzubereiten, damit ihr trotz Corona einen richtig tollen ersten Schultag habt. Die Klassen 5a, 5b und 5c werden um 8:15 Uhr erwartet.\u00a0Nach &hellip; <a href=\"https:\/\/wbs-itzehoe.de\/?p=6438\">Weiterlesen <span class=\"meta-nav\">&rarr;<\/span><\/a><\/p>\n","protected":false},"author":9,"featured_media":0,"comment_status":"closed","ping_status":"closed","sticky":false,"template":"","format":"standard","meta":{"footnotes":""},"categories":[3],"tags":[],"class_list":["post-6438","post","type-post","status-publish","format-standard","hentry","category-allgemein"],"_links":{"self":[{"href":"https:\/\/wbs-itzehoe.de\/index.php?rest_route=\/wp\/v2\/posts\/6438","targetHints":{"allow":["GET"]}}],"collection":[{"href":"https:\/\/wbs-itzehoe.de\/index.php?rest_route=\/wp\/v2\/posts"}],"about":[{"href":"https:\/\/wbs-itzehoe.de\/index.php?rest_route=\/wp\/v2\/types\/post"}],"author":[{"embeddable":true,"href":"https:\/\/wbs-itzehoe.de\/index.php?rest_route=\/wp\/v2\/users\/9"}],"replies":[{"embeddable":true,"href":"https:\/\/wbs-itzehoe.de\/index.php?rest_route=%2Fwp%2Fv2%2Fcomments&post=6438"}],"version-history":[{"count":3,"href":"https:\/\/wbs-itzehoe.de\/index.php?rest_route=\/wp\/v2\/posts\/6438\/revisions"}],"predecessor-version":[{"id":6443,"href":"https:\/\/wbs-itzehoe.de\/index.php?rest_route=\/wp\/v2\/posts\/6438\/revisions\/6443"}],"wp:attachment":[{"href":"https:\/\/wbs-itzehoe.de\/index.php?rest_route=%2Fwp%2Fv2%2Fmedia&parent=6438"}],"wp:term":[{"taxonomy":"category","embeddable":true,"href":"https:\/\/wbs-itzehoe.de\/index.php?rest_route=%2Fwp%2Fv2%2Fcategories&post=6438"},{"taxonomy":"post_tag","embeddable":true,"href":"https:\/\/wbs-itzehoe.de\/index.php?rest_route=%2Fwp%2Fv2%2Ftags&post=6438"}],"curies":[{"name":"wp","href":"https:\/\/api.w.org\/{rel}","templated":true}]}}