{"id":8515,"date":"2022-07-01T13:39:03","date_gmt":"2022-07-01T11:39:03","guid":{"rendered":"https:\/\/wbs-itzehoe.de\/?p=8515"},"modified":"2022-07-01T13:39:41","modified_gmt":"2022-07-01T11:39:41","slug":"unsere-hoseka-klassenfahrt","status":"publish","type":"post","link":"https:\/\/wbs-itzehoe.de\/?p=8515","title":{"rendered":"Unsere HoSeKa-Klassenfahrt"},"content":{"rendered":"<div class='fotorama--wp' data-ids='8518,8516,8517,8519'data-link='file'data-itemtag='dl'data-icontag='dt'data-captiontag='dd'data-columns='0'data-size='large'data-width='640'data-auto='false'data-max-width='100%'data-ratio='2.8699551569507'><div id='gallery-1' class='gallery galleryid-8515 gallery-columns-0 gallery-size-thumbnail'><dl class='gallery-item'>\n\t\t\t<dt class='gallery-icon landscape'>\n\t\t\t\t<a href='https:\/\/wbs-itzehoe.de\/wp-content\/uploads\/2022\/07\/ferienlamd-1024x356.png' data-full='https:\/\/wbs-itzehoe.de\/wp-content\/uploads\/2022\/07\/ferienlamd-e1656675444887.png'><img loading=\"lazy\" decoding=\"async\" width=\"250\" height=\"250\" src=\"https:\/\/wbs-itzehoe.de\/wp-content\/uploads\/2022\/07\/ferienlamd-e1656675444887-250x250.png\" class=\"attachment-thumbnail size-thumbnail\" alt=\"\" \/><\/a>\n\t\t\t<\/dt><\/dl><dl class='gallery-item'>\n\t\t\t<dt class='gallery-icon landscape'>\n\t\t\t\t<a href='https:\/\/wbs-itzehoe.de\/wp-content\/uploads\/2022\/07\/CIMG9062-1024x768.jpg' data-full='https:\/\/wbs-itzehoe.de\/wp-content\/uploads\/2022\/07\/CIMG9062-scaled.jpg'><img loading=\"lazy\" decoding=\"async\" width=\"250\" height=\"250\" src=\"https:\/\/wbs-itzehoe.de\/wp-content\/uploads\/2022\/07\/CIMG9062-250x250.jpg\" class=\"attachment-thumbnail size-thumbnail\" alt=\"\" \/><\/a>\n\t\t\t<\/dt><\/dl><dl class='gallery-item'>\n\t\t\t<dt class='gallery-icon landscape'>\n\t\t\t\t<a href='https:\/\/wbs-itzehoe.de\/wp-content\/uploads\/2022\/07\/CIMG9343-1024x768.jpg' data-full='https:\/\/wbs-itzehoe.de\/wp-content\/uploads\/2022\/07\/CIMG9343-scaled-e1656675486777.jpg'><img loading=\"lazy\" decoding=\"async\" width=\"250\" height=\"250\" src=\"https:\/\/wbs-itzehoe.de\/wp-content\/uploads\/2022\/07\/CIMG9343-scaled-e1656675486777-250x250.jpg\" class=\"attachment-thumbnail size-thumbnail\" alt=\"\" \/><\/a>\n\t\t\t<\/dt><\/dl><dl class='gallery-item'>\n\t\t\t<dt class='gallery-icon portrait'>\n\t\t\t\t<a href='https:\/\/wbs-itzehoe.de\/wp-content\/uploads\/2022\/07\/IMG_3763_Moment-576x1024.jpg' data-full='https:\/\/wbs-itzehoe.de\/wp-content\/uploads\/2022\/07\/IMG_3763_Moment-e1656675433571.jpg'><img loading=\"lazy\" decoding=\"async\" width=\"250\" height=\"250\" src=\"https:\/\/wbs-itzehoe.de\/wp-content\/uploads\/2022\/07\/IMG_3763_Moment-e1656675433571-250x250.jpg\" class=\"attachment-thumbnail size-thumbnail\" alt=\"\" \/><\/a>\n\t\t\t<\/dt><\/dl>\n\t\t<\/div>\n<\/div>\n<p align=\"JUSTIFY\"><span style=\"font-family: Arial, sans-serif;\">Anfang Mai fuhren wir mit unserer Klasse 7a ins Ferienland Salem nach Mecklenburg-Vorpommern an den Kummerower See. <\/span><\/p>\n<p align=\"JUSTIFY\"><span style=\"font-family: Arial, sans-serif;\">Wir starteten in Kremperheide. Von dort aus fuhren wir mit der Bahn \u00fcber Hamburg und Schwerin nach Malchin. Zu unserer Unterkunft in Salem mussten wir dann noch acht Kilometer laufen. Ohne Gep\u00e4ck schafften wir das aber schneller als gedacht, in 1 \u00bd Stunden! <\/span><\/p>\n<p align=\"JUSTIFY\"><span style=\"font-family: Arial, sans-serif;\">HoSeKa ist \u00fcbrigens eine Abk\u00fcrzung und hei\u00dft Hochseilgarten, Segeln und Klettern. <\/span><\/p>\n<p align=\"JUSTIFY\"><span style=\"font-family: Arial, sans-serif;\">Das waren die Aktivit\u00e4ten, an denen wir teilnahmen und von denen wir nun intensiver berichten:<\/span><\/p>\n<p align=\"JUSTIFY\"><span style=\"font-family: Arial, sans-serif;\">Am Dienstag waren wir Segeln. Die ganze Klasse segelte mit, in kleinen Gruppen, auf verschiedenen Booten und zu anderen Uhrzeiten. Mein Team war am fr\u00fchen Nachmittag bei perfektem Wetter an der Reihe. Es war eine gro\u00dfe \u00dcberwindung und zwischendurch hatten wir auch manchmal ein bisschen Angst. Denn als wir einstiegen, wackelte das Boot . Und bevor wir losfuhren, musste Robert (unser Segellehrer) die Segel anschlagen. Auf dem Kummerower See frischte der Wind auf, so dass wir auch ein wenig Schieflage hatten und gut voran kamen. Zur\u00fcck im Hafen musste alles ganz schnell gehen, also das Segelbergen. Gruppenwechsel war angesagt. Weil mir und meiner besten Freundin das Segeln so viel Spa\u00df gemacht hatte, fragten wir, ob wir noch einmal mitfahren d\u00fcrfen. Und ja, wir durften! <\/span><\/p>\n<p align=\"JUSTIFY\"><span style=\"font-family: Arial, sans-serif;\">Die Gruppe hatte allerdings ein bisschen Pech mit dem Wind. Der schlief ein. Aber wir wussten uns zu helfen. Wir spielten an Bord mit Robert ganz viel Wahrheit oder Pflicht. Das war sehr lustig. <\/span><\/p>\n<p align=\"JUSTIFY\"><span style=\"font-family: Arial, sans-serif;\"><i>(geschrieben am 1. Juni 2022 von Nele und Henrieke aus der 7a)<\/i><\/span><\/p>\n<p align=\"JUSTIFY\"><span style=\"font-family: Arial, sans-serif;\">Unsere Klassenfahrt 2022 zur Mecklenburgischen Seenplatte war sehr sch\u00f6n. Wir hatten besonders viel Spa\u00df am Mittwoch im Kletterpark. Dort konnten wir bis zu 10 Meter hoch an der Kletterwand klettern und uns von oben abseilen lassen. Au\u00dferdem gab es dort noch viele andere Kletterm\u00f6glichkeiten, z.B. die schwebenden Balken. Wenn das Klettern nichts f\u00fcr einen war, war das auch kein Problem. Das Sicherungsteam war auch sehr wichtig, wenn nicht am wichtigsten. Denn wir Kletterer mussten ihm vertrauen k\u00f6nnen. Das sp\u00fcrte auch ich, Najed, als neue Sch\u00fclerin der Klasse. Ich freute mich, dass ich mit der Kletter-Aktion Teil der Klasse geworden war. Insgesamt brachte das Klettern die Klasse noch ein wenig mehr zusammen. <\/span><\/p>\n<p align=\"JUSTIFY\"><span style=\"font-family: Arial, sans-serif;\"><i>(von Tiara und Najed aus der 7a)<\/i><\/span><\/p>\n<p align=\"JUSTIFY\"><span style=\"font-family: Arial, sans-serif;\">Am vorletzten Tag der Klassenfahrt, am Donnerstag, fuhren wir alle Kanu. Tino, der Leiter der Segel- und Kanu-Basis, gab uns zuerst eine Sicherheitseinweisung, bevor wir in Vierer-Teams die Kanus zu Wasser lie\u00dfen und selbst das Steuern, Paddeln, Umkehren und Umsteigen im Sandwich auf dem Kummerower See ausprobierten. Ein Kanu von uns fuhr mehr ZickZack und kippte auch fast um! Manche wurden na\u00df. <\/span><\/p>\n<p align=\"JUSTIFY\"><span style=\"font-family: Arial, sans-serif;\">Nach einem sehr leckeren Mittagessen im Ferienland ging es mit der ganzen Klasse auf Tour, entlang der Uferzone des Sees in Richtung Malchin. Bei der M\u00fcndung der Peene flogen vor uns zwei Seeadler hoch und in einem Flu\u00dfarm sahen wir einen Biberbau. So war das Kanufahren ein besonderes Erlebnis und ein sch\u00f6ner Abschluss der Klassenfahrt.<\/span><\/p>\n<p align=\"JUSTIFY\"><span style=\"font-family: Arial, sans-serif;\"><i>(von Niko und Louis aus der 7a)<\/i><\/span><\/p>\n<p align=\"JUSTIFY\">\u00a0<\/p>\n","protected":false},"excerpt":{"rendered":"<p>Anfang Mai fuhren wir mit unserer Klasse 7a ins Ferienland Salem nach Mecklenburg-Vorpommern an den Kummerower See. Wir starteten in Kremperheide. Von dort aus fuhren wir mit der Bahn \u00fcber Hamburg und Schwerin nach Malchin. Zu unserer Unterkunft in Salem &hellip; <a href=\"https:\/\/wbs-itzehoe.de\/?p=8515\">Weiterlesen <span class=\"meta-nav\">&rarr;<\/span><\/a><\/p>\n","protected":false},"author":9,"featured_media":0,"comment_status":"closed","ping_status":"closed","sticky":false,"template":"","format":"gallery","meta":{"footnotes":""},"categories":[3],"tags":[],"class_list":["post-8515","post","type-post","status-publish","format-gallery","hentry","category-allgemein","post_format-post-format-gallery"],"_links":{"self":[{"href":"https:\/\/wbs-itzehoe.de\/index.php?rest_route=\/wp\/v2\/posts\/8515","targetHints":{"allow":["GET"]}}],"collection":[{"href":"https:\/\/wbs-itzehoe.de\/index.php?rest_route=\/wp\/v2\/posts"}],"about":[{"href":"https:\/\/wbs-itzehoe.de\/index.php?rest_route=\/wp\/v2\/types\/post"}],"author":[{"embeddable":true,"href":"https:\/\/wbs-itzehoe.de\/index.php?rest_route=\/wp\/v2\/users\/9"}],"replies":[{"embeddable":true,"href":"https:\/\/wbs-itzehoe.de\/index.php?rest_route=%2Fwp%2Fv2%2Fcomments&post=8515"}],"version-history":[{"count":1,"href":"https:\/\/wbs-itzehoe.de\/index.php?rest_route=\/wp\/v2\/posts\/8515\/revisions"}],"predecessor-version":[{"id":8520,"href":"https:\/\/wbs-itzehoe.de\/index.php?rest_route=\/wp\/v2\/posts\/8515\/revisions\/8520"}],"wp:attachment":[{"href":"https:\/\/wbs-itzehoe.de\/index.php?rest_route=%2Fwp%2Fv2%2Fmedia&parent=8515"}],"wp:term":[{"taxonomy":"category","embeddable":true,"href":"https:\/\/wbs-itzehoe.de\/index.php?rest_route=%2Fwp%2Fv2%2Fcategories&post=8515"},{"taxonomy":"post_tag","embeddable":true,"href":"https:\/\/wbs-itzehoe.de\/index.php?rest_route=%2Fwp%2Fv2%2Ftags&post=8515"}],"curies":[{"name":"wp","href":"https:\/\/api.w.org\/{rel}","templated":true}]}}