{"id":8872,"date":"2023-06-10T07:18:51","date_gmt":"2023-06-10T05:18:51","guid":{"rendered":"https:\/\/wbs-itzehoe.de\/?p=8872"},"modified":"2023-06-10T07:19:34","modified_gmt":"2023-06-10T05:19:34","slug":"fuer-besondere-begabung-ausgezeichnet","status":"publish","type":"post","link":"https:\/\/wbs-itzehoe.de\/?p=8872","title":{"rendered":"F\u00fcr besondere Begabung ausgezeichnet"},"content":{"rendered":"<div class='fotorama--wp' data-ids='8876,8881,8874,8875,8879,8878,8877,8880'data-link='file'data-itemtag='dl'data-icontag='dt'data-captiontag='dd'data-columns='0'data-size='large'data-width='640'data-auto='false'data-max-width='100%'data-ratio='0.75029308323564'><div id='gallery-1' class='gallery galleryid-8872 gallery-columns-0 gallery-size-thumbnail'><dl class='gallery-item'>\n\t\t\t<dt class='gallery-icon portrait'>\n\t\t\t\t<a href='https:\/\/wbs-itzehoe.de\/wp-content\/uploads\/2023\/06\/IMG_9679-768x1024.jpg' data-full='https:\/\/wbs-itzehoe.de\/wp-content\/uploads\/2023\/06\/IMG_9679-scaled-e1686373998590.jpg'><img loading=\"lazy\" decoding=\"async\" width=\"250\" height=\"250\" src=\"https:\/\/wbs-itzehoe.de\/wp-content\/uploads\/2023\/06\/IMG_9679-scaled-e1686373998590-250x250.jpg\" class=\"attachment-thumbnail size-thumbnail\" alt=\"\" \/><\/a>\n\t\t\t<\/dt><\/dl><dl class='gallery-item'>\n\t\t\t<dt class='gallery-icon portrait'>\n\t\t\t\t<a href='https:\/\/wbs-itzehoe.de\/wp-content\/uploads\/2023\/06\/IMG_9669-791x1024.jpg' data-full='https:\/\/wbs-itzehoe.de\/wp-content\/uploads\/2023\/06\/IMG_9669-e1686374116161.jpg'><img loading=\"lazy\" decoding=\"async\" width=\"250\" height=\"250\" src=\"https:\/\/wbs-itzehoe.de\/wp-content\/uploads\/2023\/06\/IMG_9669-e1686374116161-250x250.jpg\" class=\"attachment-thumbnail size-thumbnail\" alt=\"\" \/><\/a>\n\t\t\t<\/dt><\/dl><dl class='gallery-item'>\n\t\t\t<dt class='gallery-icon landscape'>\n\t\t\t\t<a href='https:\/\/wbs-itzehoe.de\/wp-content\/uploads\/2023\/06\/IMG_9674-1024x948.jpg' data-full='https:\/\/wbs-itzehoe.de\/wp-content\/uploads\/2023\/06\/IMG_9674-e1686373928725.jpg'><img loading=\"lazy\" decoding=\"async\" width=\"250\" height=\"250\" src=\"https:\/\/wbs-itzehoe.de\/wp-content\/uploads\/2023\/06\/IMG_9674-e1686373928725-250x250.jpg\" class=\"attachment-thumbnail size-thumbnail\" alt=\"\" \/><\/a>\n\t\t\t<\/dt><\/dl><dl class='gallery-item'>\n\t\t\t<dt class='gallery-icon portrait'>\n\t\t\t\t<a href='https:\/\/wbs-itzehoe.de\/wp-content\/uploads\/2023\/06\/IMG_9676-840x1024.jpg' data-full='https:\/\/wbs-itzehoe.de\/wp-content\/uploads\/2023\/06\/IMG_9676-e1686373985979.jpg'><img loading=\"lazy\" decoding=\"async\" width=\"250\" height=\"250\" src=\"https:\/\/wbs-itzehoe.de\/wp-content\/uploads\/2023\/06\/IMG_9676-e1686373985979-250x250.jpg\" class=\"attachment-thumbnail size-thumbnail\" alt=\"\" \/><\/a>\n\t\t\t<\/dt><\/dl><dl class='gallery-item'>\n\t\t\t<dt class='gallery-icon landscape'>\n\t\t\t\t<a href='https:\/\/wbs-itzehoe.de\/wp-content\/uploads\/2023\/06\/IMG_9688-1024x741.jpg' data-full='https:\/\/wbs-itzehoe.de\/wp-content\/uploads\/2023\/06\/IMG_9688-scaled-e1686373972984.jpg'><img loading=\"lazy\" decoding=\"async\" width=\"250\" height=\"250\" src=\"https:\/\/wbs-itzehoe.de\/wp-content\/uploads\/2023\/06\/IMG_9688-scaled-e1686373972984-250x250.jpg\" class=\"attachment-thumbnail size-thumbnail\" alt=\"\" aria-describedby=\"gallery-1-8879\" \/><\/a>\n\t\t\t<\/dt>\n\t\t\t\t<dd class='wp-caption-text gallery-caption' id='gallery-1-8879'>\n\t\t\t\tlinks das Original, rechts Linas Zeichnung\n\t\t\t\t<\/dd><\/dl><dl class='gallery-item'>\n\t\t\t<dt class='gallery-icon landscape'>\n\t\t\t\t<a href='https:\/\/wbs-itzehoe.de\/wp-content\/uploads\/2023\/06\/IMG_9686-1024x726.jpg' data-full='https:\/\/wbs-itzehoe.de\/wp-content\/uploads\/2023\/06\/IMG_9686-scaled-e1686373959850.jpg'><img loading=\"lazy\" decoding=\"async\" width=\"250\" height=\"250\" src=\"https:\/\/wbs-itzehoe.de\/wp-content\/uploads\/2023\/06\/IMG_9686-scaled-e1686373959850-250x250.jpg\" class=\"attachment-thumbnail size-thumbnail\" alt=\"\" \/><\/a>\n\t\t\t<\/dt><\/dl><dl class='gallery-item'>\n\t\t\t<dt class='gallery-icon portrait'>\n\t\t\t\t<a href='https:\/\/wbs-itzehoe.de\/wp-content\/uploads\/2023\/06\/IMG_9683-917x1024.jpg' data-full='https:\/\/wbs-itzehoe.de\/wp-content\/uploads\/2023\/06\/IMG_9683-scaled-e1686373944535.jpg'><img loading=\"lazy\" decoding=\"async\" width=\"250\" height=\"250\" src=\"https:\/\/wbs-itzehoe.de\/wp-content\/uploads\/2023\/06\/IMG_9683-scaled-e1686373944535-250x250.jpg\" class=\"attachment-thumbnail size-thumbnail\" alt=\"\" \/><\/a>\n\t\t\t<\/dt><\/dl><dl class='gallery-item'>\n\t\t\t<dt class='gallery-icon portrait'>\n\t\t\t\t<a href='https:\/\/wbs-itzehoe.de\/wp-content\/uploads\/2023\/06\/IMG_9689-832x1024.jpg' data-full='https:\/\/wbs-itzehoe.de\/wp-content\/uploads\/2023\/06\/IMG_9689-scaled-e1686374010929.jpg'><img loading=\"lazy\" decoding=\"async\" width=\"250\" height=\"250\" src=\"https:\/\/wbs-itzehoe.de\/wp-content\/uploads\/2023\/06\/IMG_9689-scaled-e1686374010929-250x250.jpg\" class=\"attachment-thumbnail size-thumbnail\" alt=\"\" \/><\/a>\n\t\t\t<\/dt><\/dl>\n\t\t<\/div>\n<\/div>\n<p>Bei bestem Sommerwetter fand die Feierstunde f\u00fcr die Enrichment-Teilnehmer an der Itzehoer St\u00fctzpunktschule, der KKS, statt. Unsere Sch\u00fclerInnen Lina Happe, Erik Duus und Kieran Schr\u00f6der nahmen ihre Zertifikate stolz entgegen. Sie haben sich schon geehrt gef\u00fchlt, f\u00fcr das Programm der Begabtenf\u00f6rderung von der Klassenkonferenz nominiert \u00a0zu werden und so sei es f\u00fcr sie auch keine Frage gewesen, sich einen Kurs auszuw\u00e4hlen.<\/p>\n<p>W\u00e4hrend Erik und Kieran sich die Grundkenntnisse in der schwedischen Sprache aneigneten, lernte Lina neue Zeichentechniken und erlangte dabei beeindruckende Ergebnisse.<\/p>\n<p>Nach der kleinen Feierstunde konnte man bei einem Rundgang einen Einblick in die anderen Projekte erhalten und etwas \u00fcber B\u00f6rsenkurse, Technik und die Herstellung von Kunst-Schleim erfahren und dies auch flei\u00dfig ausprobieren.<\/p>\n<p>Au\u00dferdem durften die KursteilnehmerInnen auch W\u00fcnsche f\u00fcr das n\u00e4chste Jahr \u00e4u\u00dfern. F\u00fcr Kieran ganz klar, er w\u00fcnscht sich einen Rhetorik-Kurs.<\/p>\n","protected":false},"excerpt":{"rendered":"<p>Bei bestem Sommerwetter fand die Feierstunde f\u00fcr die Enrichment-Teilnehmer an der Itzehoer St\u00fctzpunktschule, der KKS, statt. Unsere Sch\u00fclerInnen Lina Happe, Erik Duus und Kieran Schr\u00f6der nahmen ihre Zertifikate stolz entgegen. Sie haben sich schon geehrt gef\u00fchlt, f\u00fcr das Programm der &hellip; <a href=\"https:\/\/wbs-itzehoe.de\/?p=8872\">Weiterlesen <span class=\"meta-nav\">&rarr;<\/span><\/a><\/p>\n","protected":false},"author":9,"featured_media":0,"comment_status":"closed","ping_status":"closed","sticky":false,"template":"","format":"gallery","meta":{"footnotes":""},"categories":[3],"tags":[],"class_list":["post-8872","post","type-post","status-publish","format-gallery","hentry","category-allgemein","post_format-post-format-gallery"],"_links":{"self":[{"href":"https:\/\/wbs-itzehoe.de\/index.php?rest_route=\/wp\/v2\/posts\/8872","targetHints":{"allow":["GET"]}}],"collection":[{"href":"https:\/\/wbs-itzehoe.de\/index.php?rest_route=\/wp\/v2\/posts"}],"about":[{"href":"https:\/\/wbs-itzehoe.de\/index.php?rest_route=\/wp\/v2\/types\/post"}],"author":[{"embeddable":true,"href":"https:\/\/wbs-itzehoe.de\/index.php?rest_route=\/wp\/v2\/users\/9"}],"replies":[{"embeddable":true,"href":"https:\/\/wbs-itzehoe.de\/index.php?rest_route=%2Fwp%2Fv2%2Fcomments&post=8872"}],"version-history":[{"count":2,"href":"https:\/\/wbs-itzehoe.de\/index.php?rest_route=\/wp\/v2\/posts\/8872\/revisions"}],"predecessor-version":[{"id":8883,"href":"https:\/\/wbs-itzehoe.de\/index.php?rest_route=\/wp\/v2\/posts\/8872\/revisions\/8883"}],"wp:attachment":[{"href":"https:\/\/wbs-itzehoe.de\/index.php?rest_route=%2Fwp%2Fv2%2Fmedia&parent=8872"}],"wp:term":[{"taxonomy":"category","embeddable":true,"href":"https:\/\/wbs-itzehoe.de\/index.php?rest_route=%2Fwp%2Fv2%2Fcategories&post=8872"},{"taxonomy":"post_tag","embeddable":true,"href":"https:\/\/wbs-itzehoe.de\/index.php?rest_route=%2Fwp%2Fv2%2Ftags&post=8872"}],"curies":[{"name":"wp","href":"https:\/\/api.w.org\/{rel}","templated":true}]}}